{"id":705,"date":"2014-02-19T16:31:27","date_gmt":"2014-02-19T15:31:27","guid":{"rendered":"https:\/\/www.carpathia-verlag.de\/koulou-tamam\/?p=705"},"modified":"2014-02-19T16:31:27","modified_gmt":"2014-02-19T15:31:27","slug":"die-bekenner","status":"publish","type":"post","link":"https:\/\/www.carpathia-verlag.de\/koulou-tamam\/2014\/02\/19\/die-bekenner\/","title":{"rendered":"Die Bekenner"},"content":{"rendered":"<p>Jetzt scheint es klar, wer hinter dem <a href=\"https:\/\/www.carpathia-verlag.de\/koulou-tamam\/2014\/02\/17\/jetzt-ist-es-doch-passiert\/\" title=\"Jetzt ist es doch passiert\">Anschlag auf den Touristenbus<\/a> in Taba steckt. <a href=\"http:\/\/www.tagesschau.de\/ausland\/busanschlag100.html\" target=\"_blank\">Bekannt hat sich zumindest die Gruppe Ansar Beit al Maqdis<\/a> zu dem Attentat. Was allerdings besonders beunruhigend scheint, ist die Tatsache, dass das Bekenntnis mit einem Ultimatum verkn\u00fcpft wurde. Bis 20. Februar sollen alle Touristen das Land verlassen, danach werden sie als legitime Ziele betrachtet. Aha, die drei get\u00f6teten s\u00fcdkoreanischen Touristen waren demnach keine legitimen Ziele in den Augen ihrer\u00a0Attent\u00e4ter? Soviel Zynismus muss an dieser Stelle sein.<\/p>\n<p>Aber was sagt uns die Organisation? <a href=\"http:\/\/de.wikipedia.org\/wiki\/Ansar_Bait_al-Maqdis\" target=\"_blank\">Ansar Beit al Maqdis<\/a> wurde vermutlich im Februar 2011 gegr\u00fcndet und zwar unter anderem von Gef\u00e4ngnisinsassen, die von der Hamas nahestehenden Gruppen befreit wurden. Einer der Befreiten war damals \u00fcbrigens ein gewisser Mohammed Mursi, dem unter anderem genau wegen diesem Sachverhalt gerade der Prozess gemacht wird. Allerdings geht es in dem Prozess auch noch um etwas ganz anderes: Letztlich soll auch die Frage gekl\u00e4rt werden, ob Mursi in seiner Zeit als Pr\u00e4sident Organisationen wie Ansar Beit al Maqdis finanziell und logistisch unterst\u00fctzt hat. Insgesamt gibt es mindestens f\u00fcnf verschiedene Gruppen, die den Norden des Sinais seit geraumer Zeit zu einem rechtsfreien Raum machen. Gemein ist ihnen allen, dass sie von der Hamas unterst\u00fctzt werden, Al Qaida nahestehen und mit Vorliebe \u00e4gyptische Polizisten und Soldaten umbringen.<\/p>\n<div id=\"attachment_706\" style=\"width: 290px\" class=\"wp-caption alignleft\"><a href=\"https:\/\/www.carpathia-verlag.de\/koulou-tamam\/wp-content\/uploads\/2014\/02\/Polizei.jpg\"><img loading=\"lazy\" decoding=\"async\" aria-describedby=\"caption-attachment-706\" class=\"size-medium wp-image-706\" alt=\"Gut bewacht werden Touristenbusse in vielen Gegenden schon heute. Foto: psk\" src=\"https:\/\/www.carpathia-verlag.de\/koulou-tamam\/wp-content\/uploads\/2014\/02\/Polizei-280x300.jpg\" width=\"280\" height=\"300\" srcset=\"https:\/\/www.carpathia-verlag.de\/koulou-tamam\/wp-content\/uploads\/2014\/02\/Polizei-280x300.jpg 280w, https:\/\/www.carpathia-verlag.de\/koulou-tamam\/wp-content\/uploads\/2014\/02\/Polizei-957x1024.jpg 957w, https:\/\/www.carpathia-verlag.de\/koulou-tamam\/wp-content\/uploads\/2014\/02\/Polizei-150x160.jpg 150w, https:\/\/www.carpathia-verlag.de\/koulou-tamam\/wp-content\/uploads\/2014\/02\/Polizei-225x241.jpg 225w, https:\/\/www.carpathia-verlag.de\/koulou-tamam\/wp-content\/uploads\/2014\/02\/Polizei.jpg 1436w\" sizes=\"auto, (max-width: 280px) 100vw, 280px\" \/><\/a><p id=\"caption-attachment-706\" class=\"wp-caption-text\">Gut bewacht werden Touristenbusse in vielen Gegenden schon heute. Foto: psk<\/p><\/div>\n<p>Jetzt werden zumindest von dieser einen Organisation Touristen direkt und explizit bedroht. Wie ernst ist das zu nehmen? Zun\u00e4chst einmal bedeutet das bei einer Terrororganisation einen v\u00f6lligen Paradigmenwechsel. Seit den 90er Jahren hatte sich im Gef\u00fcge der terroristischen Gruppen in \u00c4gypten die Erkenntnis durchgesetzt, dass Anschl\u00e4ge auf Touristen den eigenen Zielen mehr schaden als n\u00fctzen. Schon einmal, Anfang der 90er Jahre war der Tourismus erkl\u00e4rtes Ziel islamistischen Terrors. Die Folge war, dass Organisationen wie die Gama al Islamiyya rapide an Ansehen und vor allem R\u00fcckhalt in der Bev\u00f6lkerung verloren. Das gipfelte schlie\u00dflich im Zusammenbruch und der teilweisen Aufl\u00f6sung der Gama im Jahr 1998. Einflussreiche Terrorf\u00fcrsten wie der Kinderarzt Aiman al Zawahiri mussten das Land damals fluchtartig verlassen. Er schloss sich sp\u00e4ter Osama bin Laden an und und ist heute dessen Nachfolger als Chef der Al Qaida.<\/p>\n<p>Die Ereignisse von 1997 und 1998 \u2013 also erst die Anschl\u00e4ge von Kairo und Luxor mit insgesamt \u00fcber 70 Toten und die teilweise Selbstaufl\u00f6sung der Gama im darauffolgenden Fr\u00fchjahr \u2013 bedeuteten allerdings nicht etwa das Ende des Terrorismus. Die Devise hie\u00df schon damals: Jeden Tag ein toter Polizist. Und das wurde auch umgesetzt. Im Westen hat man dar\u00fcber jedoch kaum etwas erfahren. Das alles zu Zeiten von Hosni Mubarak.<\/p>\n<p>Nun scheint es sich gerade wieder umzudrehen. Was nun einerseits alarmierend scheint, ist die Tatsache, das die Gruppe Ansar Beit al Maqdis, die im Norden des Sinais operiert, gar nicht auf den R\u00fcckhalt der Bev\u00f6lkerung angewiesen ist, wie es vor rund 20 Jahren die Gama al Islamiyya war. Also m\u00fcssen sie auch keine R\u00fccksicht auf das Gesch\u00e4ft mit dem Tourismus nehmen.<\/p>\n<p>Allerdings lassen die Bekenntnisse der Gruppe auch noch einige andere Schl\u00fcsse zu: Offfenbar scheint der Druck der Regierung inzwischen so massiv und offenbar auch so wirkungsvoll zu sein, dass wenigstens eine Organisation zu einem Mittel greift, dass jahrelang tabu war. Au\u00dferdem l\u00e4sst das Ganze auch noch darauf schlie\u00dfen, dass sich die Gruppen untereinander v\u00f6llig uneins sind. Das k\u00f6nnte sie vielleicht schw\u00e4chen. Interessant ist allerdings noch ein ganz anderer Punkt: Viele hochrangige Moslembr\u00fcder haben selbst viel Geld in der Tourismusbranche stecken. Wenn auf die keine R\u00fccksicht mehr genommen wird, dann k\u00f6nnte es sein, dass die Br\u00fcder inzwischen am Ende sind.<\/p>\n<p>Schlie\u00dflich ein letzter Punkt. Allzu viel ist \u00fcber Ansar Beit al Maqdis nicht bekannt. Wenn aber nur die H\u00e4lfte von dem stimmt, was \u00fcber die Gruppe kolportiert wird, dann d\u00fcrfte das Bekenntnis zu dem Anschlag in Taba den einstigen Staatspr\u00e4sidenten Mohammed Mursi dem Galgen ein geh\u00f6riges St\u00fcck n\u00e4her gebracht haben.<\/p>\n","protected":false},"excerpt":{"rendered":"<p>Jetzt scheint es klar, wer hinter dem Anschlag auf den Touristenbus in Taba steckt. Bekannt hat sich zumindest die Gruppe Ansar Beit al Maqdis zu dem Attentat. Was allerdings besonders beunruhigend scheint, ist die Tatsache, dass das Bekenntnis mit einem &hellip; <a href=\"https:\/\/www.carpathia-verlag.de\/koulou-tamam\/2014\/02\/19\/die-bekenner\/\">Weiterlesen <span class=\"meta-nav\">&rarr;<\/span><\/a><\/p>\n","protected":false},"author":4,"featured_media":706,"comment_status":"open","ping_status":"open","sticky":false,"template":"","format":"standard","meta":{"footnotes":""},"categories":[1],"tags":[32,38,39,106,113,153,184,207,214,217,241,263,291,306],"class_list":["post-705","post","type-post","status-publish","format-standard","has-post-thumbnail","hentry","category-allgemein","tag-ansar-beit-al-maqdis","tag-arabellion","tag-arabische-revolution","tag-fremdenverkehr","tag-gamaa-al-islamiyya","tag-hosni-mubarak","tag-koulou-tamam","tag-mohamed-mursi","tag-moslembruder","tag-mubarak","tag-peter-s-kaspar","tag-rotes-meer","tag-taba","tag-tourismus"],"wp-worthy-pixel":{"ignored":false,"public":"51dd451f869a475d8e1536f1c81170b5","server":"vg04.met.vgwort.de","url":"https:\/\/vg04.met.vgwort.de\/na\/51dd451f869a475d8e1536f1c81170b5"},"wp-worthy-type":"normal","_links":{"self":[{"href":"https:\/\/www.carpathia-verlag.de\/koulou-tamam\/wp-json\/wp\/v2\/posts\/705","targetHints":{"allow":["GET"]}}],"collection":[{"href":"https:\/\/www.carpathia-verlag.de\/koulou-tamam\/wp-json\/wp\/v2\/posts"}],"about":[{"href":"https:\/\/www.carpathia-verlag.de\/koulou-tamam\/wp-json\/wp\/v2\/types\/post"}],"author":[{"embeddable":true,"href":"https:\/\/www.carpathia-verlag.de\/koulou-tamam\/wp-json\/wp\/v2\/users\/4"}],"replies":[{"embeddable":true,"href":"https:\/\/www.carpathia-verlag.de\/koulou-tamam\/wp-json\/wp\/v2\/comments?post=705"}],"version-history":[{"count":0,"href":"https:\/\/www.carpathia-verlag.de\/koulou-tamam\/wp-json\/wp\/v2\/posts\/705\/revisions"}],"wp:featuredmedia":[{"embeddable":true,"href":"https:\/\/www.carpathia-verlag.de\/koulou-tamam\/wp-json\/wp\/v2\/media\/706"}],"wp:attachment":[{"href":"https:\/\/www.carpathia-verlag.de\/koulou-tamam\/wp-json\/wp\/v2\/media?parent=705"}],"wp:term":[{"taxonomy":"category","embeddable":true,"href":"https:\/\/www.carpathia-verlag.de\/koulou-tamam\/wp-json\/wp\/v2\/categories?post=705"},{"taxonomy":"post_tag","embeddable":true,"href":"https:\/\/www.carpathia-verlag.de\/koulou-tamam\/wp-json\/wp\/v2\/tags?post=705"}],"curies":[{"name":"wp","href":"https:\/\/api.w.org\/{rel}","templated":true}]}}