{"id":583,"date":"2013-07-26T18:59:28","date_gmt":"2013-07-26T16:59:28","guid":{"rendered":"https:\/\/www.carpathia-verlag.de\/koulou-tamam\/?p=583"},"modified":"2013-07-26T18:59:28","modified_gmt":"2013-07-26T16:59:28","slug":"meiner-ist-groesser","status":"publish","type":"post","link":"https:\/\/www.carpathia-verlag.de\/koulou-tamam\/2013\/07\/26\/meiner-ist-groesser\/","title":{"rendered":"Meiner ist gr\u00f6\u00dfer"},"content":{"rendered":"<p>Vor Jahren stand ich einmal fasziniert vor einem Fernseher in \u00c4gypten und verfolgte eine arabische Soap. Ich verstand fast kein Wort, aber das war auch nicht n\u00f6tig. Gro\u00dfe Gesten, laute Worte und rollende Augen taten das ihre. Es hatte schon etwas von einem l\u00e4rmenden Stummfilm. In genau so etwas f\u00fchle ich mich derzeit hineinversetzt, wenn ich sehe, was in Kairo abl\u00e4uft. Aber \u00c4gypten besteht ja nicht nur aus Kairo und Alexandria.<\/p>\n<p>Als ich nun in der ersten Juli-H\u00e4lfte eine Woche in \u00c4gypten war, habe ich da unten um Marsa Alam herum von der aktuellen Situation sehr wenig mitbekommen. Aber das wenige hat mich schon nachdenklich gemacht. Da war zum Beispiel das Gespr\u00e4ch mit einem \u00e4gyptischen Tauchlehrer, der alles andere als ein Anh\u00e4nger der Moslembr\u00fcder ist. Und er zeigte sich einfach nur traurig dar\u00fcber, dass das Experiment mit dem ersten frei gew\u00e4hlten Pr\u00e4sidenten des Landes so endet. Mit dieser Meinung steht er nicht allein. F\u00fcr viele \u00fcberzeugte Demokraten ist der Sturz Mursis eine Bankrotterkl\u00e4rung der \u00e4gyptischen Demokratie. Ich selbst teile diese Einstellung nicht. Nat\u00fcrlich nicht, denn ich glaube, dass sich das \u00e4gyptische Volk im richtigen Moment gewehrt hat, so wie sich vielleicht das deutsche Volk sp\u00e4testens im April 1933 gegen Hitler h\u00e4tte wehren m\u00fcssen, nachdem offenbar wurde, was das <a href=\"http:\/\/de.wikipedia.org\/wiki\/Erm%C3%A4chtigungsgesetz\" target=\"_blank\">Erm\u00e4chtigungsgesetz<\/a> bedeutet. Auch auf die Gefahr hin, dass man nun mault und behauptet: &#8222;Jetzt packt der auch noch die Nazikeule aus&#8220;, bleibe ich dabei: Die Rechte, die sich Mursi aneignen wollte, beinhalteten genau das, was die Nazis mit den Erm\u00e4chtigungsgesetzen durchgepeitscht hatten \u2013 und dass die Moslembr\u00fcder inzwischen f\u00fcr eine wahre Pogromstimmung gesorgt hatten, will ja wohl auch niemand ernsthaft bestreiten. Trotzdem verstehe ich, dass jemand, der zum ersten Mal die Demokratie wirklich geschmeckt und gef\u00fchlt hat, betr\u00fcbt dar\u00fcber sein kann, dass der gew\u00e4hlte Pr\u00e4sident von Milit\u00e4rs entmachtet wird. Ich denke auch, dass man diese Bedr\u00fcckung auch ernst nehmen sollte.<\/p>\n<div id=\"attachment_584\" style=\"width: 265px\" class=\"wp-caption alignleft\"><a href=\"https:\/\/www.carpathia-verlag.de\/koulou-tamam\/wp-content\/uploads\/2013\/07\/Fahne.jpg\"><img loading=\"lazy\" decoding=\"async\" aria-describedby=\"caption-attachment-584\" class=\"size-medium wp-image-584\" alt=\"ALLGEGENW\u00c4RTIG: \u00dcberall flattern derzeit \u00c4gyptische Fahnen, wie hier in Marsa Shagra. \" src=\"https:\/\/www.carpathia-verlag.de\/koulou-tamam\/wp-content\/uploads\/2013\/07\/Fahne-255x300.jpg\" width=\"255\" height=\"300\" \/><\/a><p id=\"caption-attachment-584\" class=\"wp-caption-text\">Allgegenw\u00e4rtig: \u00dcberall flattern derzeit \u00e4gyptische Fahnen, wie hier in Marsa Shagra.<\/p><\/div>\n<p>Eine andere Erfahrung hat mich dagegen sehr stutzig gemacht. Am 14. Juli fuhr ich von Marsa Shagra zur\u00fcck nach Hurgahda. An keiner einzigen Tankstelle habe ich eine Warteschlange gesehen. Ich glaube nun nicht, dass dieses Ph\u00e4nomen mit dem Ramadan zusammenh\u00e4ngt. Vielmehr erinnerte es mich an die Erz\u00e4hlungen meiner Eltern von der W\u00e4hrungsreform 1948. Seit Kriegsende waren die Schaufenster leer gewesen. Doch mit der Einf\u00fchrung der D-Mark f\u00fcllten sie sich \u00fcber Nacht. Diesel und Benzin waren also wohl die ganze Zeit da. Nur, wo war das Zeug versteckt?<\/p>\n<p>Und? Hat es Abdel Fatah al Sissi bislang gut gemacht? Dass er bis auf die Moslemb\u00fcrder alle gesellschaftlich relevanten Gruppen in ein Boot gebracht hat, ist schon nahezu sensationell. Dass Saudi Arabien f\u00fcnf Milliarden Euro r\u00fcbergeschoben hat und die Salafisten unmittelbar danach wieder ganz friedlich waren, wird wohl auch irgendwie zusammenh\u00e4ngen. Die Saudis haben ihr Projekt &#8222;Gottesstaat \u00c4gypten&#8220; (so sie es je hatten) erstmal hintangestellt. Ein B\u00fcrgerkrieg in der Region reicht ihnen \u2013 zu recht. Vielleicht sind sie ja von Sissi \u00fcberzeugt worden.<\/p>\n<p>Aber das, was er in dieser Woche veranstaltet hat, besitzt bestenfalls Comic-Niveau.\u00a0<a href=\"http:\/\/www.sueddeutsche.de\/politik\/aegyptens-general-al-sisi-mit-allen-wassern-gewaschen-1.1730216\" target=\"_blank\">Der Aufruf an die \u00c4gypter<\/a>, jetzt auf die Stra\u00dfe zu gehen, um dadurch ein hartes Durchgreifen gegen die Moslembr\u00fcder zu legitimieren, ist ja schon ziemlich krass. Vor allem zeigt er damit v\u00f6llig unn\u00f6tig Schw\u00e4che. Im Prinzip ist es doch ganz einfach: Entweder die Moslembr\u00fcder haben gegen die bestehenden Gesetze versto\u00dfen und tun das weiterhin, dann soll man sie einfach festnehmen und gegebenenfalls verurteilen. Wenn sie aber nicht gegen die bestehenden Gesetze versto\u00dfen, dann ist ein gewaltsames Vorgehen ein Unrecht &#8211; egal wieviele Demonstranten al Sissi mobilisieren kann.<\/p>\n<p>Ich pers\u00f6nlich glaube ja, dass Sissi mit dem Demonstrationsaufruf in erster Linie mal den Moslembr\u00fcdern zeigen wollte, um wieviel mehr Menschen er mobilisieren kann, als die Br\u00fcder. Es hat so etwas von spielenden Jungs. &#8222;Aber meiner ist gr\u00f6\u00dfer, \u00e4tsch&#8220;. Leider ist der Einsatz f\u00fcr solch pupert\u00e4re Spielchen ziemlich blutig.<\/p>\n<p>Vielleicht ist es aber auch eine Panikreaktion. Von vielen unbemerkt ist die <a href=\"http:\/\/www.tagesschau.de\/ausland\/sinai126.html\" target=\"_blank\">Situation auf dem Sinai<\/a> inzwischen v\u00f6llig aus dem Ruder gelaufen. Es gibt sehr starke Hinweise darauf, dass die Moslembr\u00fcder schon seit geraumer Zeit dort richtig mitmischen \u2013 und dass die l\u00e4ngst totgesagte Gamma al Islamiyya dort wieder fr\u00f6hliche gewaltt\u00e4tige Urst\u00e4nde feiert \u2013 zusammen mit Dschihad und Hamas \u2013 und Al Kaida. Ihr Hauptangriffsziel ist seit Wochen und Monaten das \u00e4gyptische Milit\u00e4r.<\/p>\n<p>Wenn sich das best\u00e4tigt \u2013 und wenn sich vor allem best\u00e4tigt, dass Mursi davon gewusst hat \u2013 dann wird es f\u00fcr ihn sehr eng, vor allem um seinen Hals rum. Es geht dann\u00a0um etliche tote \u00e4gyptische Soldaten. 14 von ihnen sind ziemlich genau vor einem Jahr bei einem Anschlag auf eine Grenzstation ums Leben gekommen. Mursi nutzte sie Gunst der Stunde, um sich des Chefs des Obersten Milit\u00e4rrats SCAF, Feldmarschall Mohammed Tantawi, zu entledigen. Inzwischen hat es immer wieder Anschl\u00e4ge auf Milit\u00e4reinrichtungen gegeben. Sollte jetzt noch herauskommen, dass Mursi davon gewusst hat, dann w\u00e4re der Hochverratsprozess mit feststehendem Ausgang unumg\u00e4nglich. Und das ist die eigentliche Pointe des Tages: Der Staatsanwalt hat heute U-Haft f\u00fcr Mursi f\u00fcr die n\u00e4chsten zwei Wochen angeordnet. Es soll untersucht werden, inwieweit die Hamas bei Mursis Befreiung aus dem Gef\u00e4ngnis beteiligt war. Der Weg von Gaza in den Sinai ist ja nun\u00a0wirklich nicht weit \u2013 auch gedanklich. Mich w\u00fcrde es nicht wundern, wenn bei dieser Untersuchung noch ganz andere Dinge herauskommen w\u00fcrden.<\/p>\n","protected":false},"excerpt":{"rendered":"<p>Vor Jahren stand ich einmal fasziniert vor einem Fernseher in \u00c4gypten und verfolgte eine arabische Soap. Ich verstand fast kein Wort, aber das war auch nicht n\u00f6tig. Gro\u00dfe Gesten, laute Worte und rollende Augen taten das ihre. Es hatte schon &hellip; <a href=\"https:\/\/www.carpathia-verlag.de\/koulou-tamam\/2013\/07\/26\/meiner-ist-groesser\/\">Weiterlesen <span class=\"meta-nav\">&rarr;<\/span><\/a><\/p>\n","protected":false},"author":4,"featured_media":0,"comment_status":"open","ping_status":"open","sticky":false,"template":"","format":"standard","meta":{"footnotes":""},"categories":[1],"tags":[6,38,39,97,106,113,210,214,241,251,263,266,280],"class_list":["post-583","post","type-post","status-publish","format-standard","hentry","category-allgemein","tag-abdel-fatah-el-sissi","tag-arabellion","tag-arabische-revolution","tag-feldmarschall-mohamed-tantawi","tag-fremdenverkehr","tag-gamaa-al-islamiyya","tag-mohammed-mursi","tag-moslembruder","tag-peter-s-kaspar","tag-prasidentschaftswahlen-in-agypten","tag-rotes-meer","tag-salafisten","tag-sinai"],"wp-worthy-pixel":{"ignored":false,"public":"3bc0cdde14f74faba30a9fe38f089814","server":"vg04.met.vgwort.de","url":"https:\/\/vg04.met.vgwort.de\/na\/3bc0cdde14f74faba30a9fe38f089814"},"wp-worthy-type":"normal","_links":{"self":[{"href":"https:\/\/www.carpathia-verlag.de\/koulou-tamam\/wp-json\/wp\/v2\/posts\/583","targetHints":{"allow":["GET"]}}],"collection":[{"href":"https:\/\/www.carpathia-verlag.de\/koulou-tamam\/wp-json\/wp\/v2\/posts"}],"about":[{"href":"https:\/\/www.carpathia-verlag.de\/koulou-tamam\/wp-json\/wp\/v2\/types\/post"}],"author":[{"embeddable":true,"href":"https:\/\/www.carpathia-verlag.de\/koulou-tamam\/wp-json\/wp\/v2\/users\/4"}],"replies":[{"embeddable":true,"href":"https:\/\/www.carpathia-verlag.de\/koulou-tamam\/wp-json\/wp\/v2\/comments?post=583"}],"version-history":[{"count":0,"href":"https:\/\/www.carpathia-verlag.de\/koulou-tamam\/wp-json\/wp\/v2\/posts\/583\/revisions"}],"wp:attachment":[{"href":"https:\/\/www.carpathia-verlag.de\/koulou-tamam\/wp-json\/wp\/v2\/media?parent=583"}],"wp:term":[{"taxonomy":"category","embeddable":true,"href":"https:\/\/www.carpathia-verlag.de\/koulou-tamam\/wp-json\/wp\/v2\/categories?post=583"},{"taxonomy":"post_tag","embeddable":true,"href":"https:\/\/www.carpathia-verlag.de\/koulou-tamam\/wp-json\/wp\/v2\/tags?post=583"}],"curies":[{"name":"wp","href":"https:\/\/api.w.org\/{rel}","templated":true}]}}