{"id":546,"date":"2013-07-01T13:20:47","date_gmt":"2013-07-01T11:20:47","guid":{"rendered":"https:\/\/www.carpathia-verlag.de\/koulou-tamam\/?p=546"},"modified":"2013-07-01T13:20:47","modified_gmt":"2013-07-01T11:20:47","slug":"kommt-jetzt-die-ruhe-nach-dem-sturm","status":"publish","type":"post","link":"https:\/\/www.carpathia-verlag.de\/koulou-tamam\/2013\/07\/01\/kommt-jetzt-die-ruhe-nach-dem-sturm\/","title":{"rendered":"Kommt jetzt die Ruhe nach dem Sturm?"},"content":{"rendered":"<p>Nach jetzigem Stand hat es in der Nacht sieben Tote gegeben. Schlimm genug, aber bedenkt man, wieviele Menschen im ganzen Land auf der Stra\u00dfe waren, da ging es doch eigentlich glimpflich ab. Die Berichterstattung in Deutschland war mal wieder zwischen kurios und Zum-Haare-Raufen. Der neue Korrespondent des ZDF, Thomas Ader, stammelte mehr als das er sprach &#8211; der arme Kerl stand offenbar Todes\u00e4ngste aus. Als ein oder zwei Armee-Hubschrauber tief \u00fcber den Tahrir flogen, stellte er fest, dass die Stimmung gekippt sei, weil die Menge gejohlt habe &#8211; was immer er damit sagen wollte. Es kam jedenfalls so an, als h\u00e4tten die Demonstranten Angst vor dem Milit\u00e4r. Hm. Soviel zur Sachkunde deutscher Korrespondenten.<\/p>\n<p>Vor zwei Jahren haben wir in Deutschland gelernt, dass auf den Tahrir 300.000 bis 400.000 Menschen passen. Es h\u00e4tte eigentlich ein Leichtes sein m\u00fcssen, die Menschenmassen auf und um den Tahrir zu sch\u00e4tzen. Wenn die Nilbr\u00fccke und die Corniche zum Platzen voll sind und ebenso die Stra\u00dfe die zum Tahrir f\u00fchren, ist es einfach mal Volkverdummung, wenn\u00a0 es in einem \u00f6ffentlichen-rechtlichen Sender in den Hauptnachrichten hei\u00dft: &#8222;Einige Zehntausend Menschen haben sich auf dem zentralen Tahrirplatz versammelt, um gegen den \u00e4gyptischen <a href=\"http:\/\/www.sueddeutsche.de\/politik\/aegyptens-praesident-mursi-versager-an-der-staatsspitze-1.1709392\" target=\"_blank\">Pr\u00e4sidenten Mursi<\/a> zu demonstrieren.&#8220; Mein Gott, was f\u00fcr ein schlechter Journalismus! Immerhin, im Morgenmagazin der ARD war davon die Rede, dass es vielleicht die gr\u00f6\u00dfte Demonstration war, die das Land je gesehen hat. Als gr\u00f6\u00dfte &#8222;Demonstration&#8220; gilt noch immer die Beerdigung von <a href=\"http:\/\/de.wikipedia.org\/wiki\/Gamal_Abdel_Nasser\" target=\"_blank\">Gamal Abdel Nasser<\/a>. Damals sollen f\u00fcnf Millionen Menschen den Trauerzug gebildet haben. Falls jemand sich f\u00fcr meine Sch\u00e4tzung interessiert: Drei bis vier Millionen werden es auf und um den Tahrir gewesen sein. Ich lass mich aber gerne belehren.<\/p>\n<p>Aber das K\u00f6pfe Z\u00e4hlen ist ja vielleicht nicht das spannenste. Erschreckender fand ich viel mehr, dass die Anh\u00e4nger Mursis &#8211; zumindest in den Beitr\u00e4gen, die ich gesehen habe &#8211; alle mit Helm, Schild und mindestens Schlagst\u00f6cken bewaffnet waren. Das sagt eigentlich alles. Allerdings, der Einwand gilt ja auch, wir wissen nicht, ob da gerade eine Gruppe von zehn Salafis ein sch\u00f6nes Motiv f\u00fcr einen Kameramann darstellten und genau diese Sequenz X-Mal um den Globus wanderte. Trotzdem bleibt ja wohl auch eines klar: Ich habe bislang noch von keinem Oppositionellen geh\u00f6rt, dass man die Moslembr\u00fcder umbringen m\u00fcsste. Von der anderen Seite h\u00f6rte sich das schon viel bedrohlicher an.<\/p>\n<div id=\"attachment_547\" style=\"width: 235px\" class=\"wp-caption alignleft\"><a href=\"https:\/\/www.carpathia-verlag.de\/koulou-tamam\/wp-content\/uploads\/2013\/07\/Demo-HRG.jpg\"><img loading=\"lazy\" decoding=\"async\" aria-describedby=\"caption-attachment-547\" class=\"size-medium wp-image-547\" alt=\"GROSSE DEMONSTRATION auch in Hurghada. Schon am Nachmittag war die Sheraton-Road voller Demonstranten. Hier die Volksfetsstimmung vor der neuen Moschee. Foto: Ashraf Sahleh\" src=\"https:\/\/www.carpathia-verlag.de\/koulou-tamam\/wp-content\/uploads\/2013\/07\/Demo-HRG-225x300.jpg\" width=\"225\" height=\"300\" srcset=\"https:\/\/www.carpathia-verlag.de\/koulou-tamam\/wp-content\/uploads\/2013\/07\/Demo-HRG-225x300.jpg 225w, https:\/\/www.carpathia-verlag.de\/koulou-tamam\/wp-content\/uploads\/2013\/07\/Demo-HRG-150x200.jpg 150w, https:\/\/www.carpathia-verlag.de\/koulou-tamam\/wp-content\/uploads\/2013\/07\/Demo-HRG.jpg 720w\" sizes=\"auto, (max-width: 225px) 100vw, 225px\" \/><\/a><p id=\"caption-attachment-547\" class=\"wp-caption-text\">GROSSE DEMONSTRATION auch in Hurghada. Schon am Nachmittag war die Sheraton-Road voller Demonstranten. Hier die Volksfetsstimmung vor der neuen Moschee.<br \/>Foto: Ashraf Sahleh<\/p><\/div>\n<p>Ein weiterer Punkt, der mich sehr \u00fcberrascht und auch gefreut hat: Erstmals gab es in Hurghada eine sehr gro\u00dfe und offensichtlich auch sehr friedliche Demonstration mit Volksfestcharakter. Manch einer wird das mit zwiesp\u00e4ltigen Gef\u00fchlen aufgenommen haben. So friedlich das auch gewesen sein mag, die Reiseveranstalter haben diese Bilder sicher nicht gerne gesehen. Trotzdem: es war richtig. Sind wir doch mal ehrlich: der Tourismus macht \u00c4gypten derzeit zu einem zweigeteilten Land. Das Niltal wird gemieden. Fast alle Kreuzfahrschiffe liegen still. An der K\u00fcste ist alles friedlich und da hoffen sie nur, dass in Kairo nicht all zu laut demonstriert wird, damit nicht auch noch die letzten G\u00e4ste am Roten Meer verscheucht werden. Dabei hat der Tourismus von der Revolte gegen Mursi am meisten zu gewinnen. Setzen sich der und die Br\u00fcderschar durch, dann wird die Islamisierung des Fremdenverkehrs nur noch eine Frage der Zeit sein.<\/p>\n<p>Doch nun? Was tun? Spannend wird sein, was nach dem <a href=\"http:\/\/www.spiegel.de\/politik\/ausland\/aegypten-opposition-setzt-mursi-ultimatum-fuer-ruecktritt-a-908685.html\" target=\"_blank\">Ultimatum<\/a>, das am Dienstag um 17 Uhr abl\u00e4uft, passieren wird &#8211; oder eben auch nicht. Nat\u00fcrlich wird Mursi nicht weinend zur\u00fccktreten. Aber wenn er es nicht tut, dann ist kompletter ziviler Ungehorsam angesagt. Das klingt nach Generalstreik. Der w\u00fcrde das Land dann wirtschaftlich komplett zusammenbrechen lassen. Das m\u00fc\u00dfte dann aber konsequenter Weise sofort das Milit\u00e4r auf den Plan rufen, weil ja fast die H\u00e4lfte aller Fabriken ihm geh\u00f6ren. Vielleicht ist das ja das Kalk\u00fcl. M\u00f6glicherweise kommt nach dem Sturm jetzt die ganz gro\u00dfe Ruhe, weil das Land pl\u00f6tzlich still steht. Und das ist viel bedrohlicher f\u00fcr die Regierung als zehn Gro\u00dfdemos in Kairo. Stillstand k\u00f6nnte jetzt Kollaps bedeuten. Aber vielleicht braucht es das ja, vielleicht muss es erst kollabieren, damit man von vorne anfangen kann.<\/p>\n<p>Was das Land jetzt br\u00e4uchte, w\u00e4re ein ehrlich Makler. Einen, der die tief gespaltenen Gruppen wenigstens dazu bringt, miteinander zu reden. Doch woher soll der kommen? Die \u00c4gypter sind viel zu stolz, um einen Ausl\u00e4nder zu akzeptieren. Ich dachte erst an jemand wie <a href=\"http:\/\/de.wikipedia.org\/wiki\/Boutros_Boutros-Ghali\" target=\"_blank\">Boutros Boutros-Ghali<\/a>. Der ist allerdings 91 und ich wei\u00df nicht ob er gebrechlich und dement oder noch fit und geistig rege ist. Na ja, Georgio Napolitano\u00a0 ist zwei Jahre j\u00fcnger und hat Italien gerade mal wieder vor dem Untergang gerettet. Doch an einer Personalie wie Boutros-Ghali zeigt sich das ganze Dilemma. Der wird von den Br\u00fcder aus einem Grund nie akzeptiert werden: Er ist Kopte. Die beiden Lager sind nicht einmal in der Lage einen Vermittler zu finden. Miteinander reden tun sie nicht, weil sie einander zu tiefst misstrauen.<\/p>\n<p>Doch \u00fcber all die Gr\u00e4ben hinweg m\u00fc\u00dften sie doch auch \u00fcber Gemeinsamkeiten zueinander finden. Die einzige Industrie, die in \u00c4gypten derzeit Hochkonjunktur haben d\u00fcrfte, ist die Wimpel- und Fahnenwirtschaft. Alle schwenken sie doch gerade die \u00e4gyptische Flagge, egal zu welcher Gruppierung sie geh\u00f6ren. Das hei\u00dft sie gehen aus Liebe zu ihrem Land auf die Stra\u00dfe. Das w\u00e4re doch schon einmal ein Anfang.<\/p>\n","protected":false},"excerpt":{"rendered":"<p>Nach jetzigem Stand hat es in der Nacht sieben Tote gegeben. Schlimm genug, aber bedenkt man, wieviele Menschen im ganzen Land auf der Stra\u00dfe waren, da ging es doch eigentlich glimpflich ab. Die Berichterstattung in Deutschland war mal wieder zwischen &hellip; <a href=\"https:\/\/www.carpathia-verlag.de\/koulou-tamam\/2013\/07\/01\/kommt-jetzt-die-ruhe-nach-dem-sturm\/\">Weiterlesen <span class=\"meta-nav\">&rarr;<\/span><\/a><\/p>\n","protected":false},"author":4,"featured_media":0,"comment_status":"open","ping_status":"open","sticky":false,"template":"","format":"standard","meta":{"footnotes":""},"categories":[1],"tags":[20,38,39,59,73,106,155,210,214,241,251,266,306],"class_list":["post-546","post","type-post","status-publish","format-standard","hentry","category-allgemein","tag-agyptisches-militar","tag-arabellion","tag-arabische-revolution","tag-boutros-boutros-ghali","tag-der-spiegel","tag-fremdenverkehr","tag-hurghada","tag-mohammed-mursi","tag-moslembruder","tag-peter-s-kaspar","tag-prasidentschaftswahlen-in-agypten","tag-salafisten","tag-tourismus"],"wp-worthy-pixel":{"ignored":false,"public":"05fac52da3d6461d826437e975bb3821","server":"vg04.met.vgwort.de","url":"https:\/\/vg04.met.vgwort.de\/na\/05fac52da3d6461d826437e975bb3821"},"wp-worthy-type":"normal","_links":{"self":[{"href":"https:\/\/www.carpathia-verlag.de\/koulou-tamam\/wp-json\/wp\/v2\/posts\/546","targetHints":{"allow":["GET"]}}],"collection":[{"href":"https:\/\/www.carpathia-verlag.de\/koulou-tamam\/wp-json\/wp\/v2\/posts"}],"about":[{"href":"https:\/\/www.carpathia-verlag.de\/koulou-tamam\/wp-json\/wp\/v2\/types\/post"}],"author":[{"embeddable":true,"href":"https:\/\/www.carpathia-verlag.de\/koulou-tamam\/wp-json\/wp\/v2\/users\/4"}],"replies":[{"embeddable":true,"href":"https:\/\/www.carpathia-verlag.de\/koulou-tamam\/wp-json\/wp\/v2\/comments?post=546"}],"version-history":[{"count":0,"href":"https:\/\/www.carpathia-verlag.de\/koulou-tamam\/wp-json\/wp\/v2\/posts\/546\/revisions"}],"wp:attachment":[{"href":"https:\/\/www.carpathia-verlag.de\/koulou-tamam\/wp-json\/wp\/v2\/media?parent=546"}],"wp:term":[{"taxonomy":"category","embeddable":true,"href":"https:\/\/www.carpathia-verlag.de\/koulou-tamam\/wp-json\/wp\/v2\/categories?post=546"},{"taxonomy":"post_tag","embeddable":true,"href":"https:\/\/www.carpathia-verlag.de\/koulou-tamam\/wp-json\/wp\/v2\/tags?post=546"}],"curies":[{"name":"wp","href":"https:\/\/api.w.org\/{rel}","templated":true}]}}