{"id":305,"date":"2012-04-24T17:21:21","date_gmt":"2012-04-24T15:21:21","guid":{"rendered":"https:\/\/www.carpathia-verlag.de\/koulou-tamam\/?p=305"},"modified":"2012-04-24T17:21:21","modified_gmt":"2012-04-24T15:21:21","slug":"aegypten-dreht-den-gashahn-zu","status":"publish","type":"post","link":"https:\/\/www.carpathia-verlag.de\/koulou-tamam\/2012\/04\/24\/aegypten-dreht-den-gashahn-zu\/","title":{"rendered":"\u00c4gypten dreht den Gashahn zu"},"content":{"rendered":"<p>W\u00e4hrend wir hier flei\u00dfig versuchen, das Buch zu promoten, gibt es Neues aus \u00c4gypten. Mir gef\u00e4llt das nat\u00fcrlich nur bedingt. Warum? Heute fragte mich ein Kollege bei meinem Besuch beim Berliner Tagesspiegel, ob ich nicht Angst h\u00e4tte, dass &#8222;Koulou Tamam, \u00c4gypten?&#8220; bald \u00fcberholt sein k\u00f6nne. In der Tat dr\u00e4ngt sich diese Frage f\u00f6rmlich auf. Andererseits ist ja alles, \u00fcber was ich in diesem Buch berichte, passiert, und das Buch ist damit nat\u00fcrlich auch zu einer Chronik der Ereignisse im Jahr nach dem Ausbruch der Revolution in \u00c4gypten geworden. Dass \u00c4gypten nun Israel den Gashahn abdreht, konnte ich nat\u00fcrlich im Februar und M\u00e4rz noch nicht ahnen. Oder vielleicht doch?<\/p>\n<p>Die \u00c4gypter haben sich nie richtig mit dem Friedensvertrag von Camp David anfreunden k\u00f6nnen. F\u00fcr den Gro\u00dfteil von ihnen gilt Anwar al Sadat sogar als Verr\u00e4ter, der die \u00e4gyptischen Interessen an Israel verkauft habe. Wirtschaftlich haben beide L\u00e4nder sicher von dem Vertrag profitiert. Doch genau das wird \u2013 zumindest beim Gasgesch\u00e4ft mit Israel \u2013 derzeit angezweifelt. Der ungeliebte Nachbar habe das Gas viel zu billig bekommen. Der \u00e4gyptische Partner sei bestochen worden und \u00fcberhaupt sei das ganze Gesch\u00e4ft ja doch wieder \u00fcber den Mubarak-Clan gelaufen. Das etwa entspricht der Darstellung in den deutschen Medien. Soweit, so gut \u2013 oder auch wieder nicht gut.<\/p>\n<p>Auch hier scheint mir die Berichterstattung wieder verdammt l\u00fcckenhaft. Es ist eben nicht so einfach, dass dieser Lieferstopp und diese Vertragsk\u00fcndigung einfach nur eine politische Laune der Natur war, populistisch allemal, weil der \u00c4gypter an sich den Friedenvertrag mit Israel nicht mehr will.<\/p>\n<p>\u00c4gypten geh\u00f6rt im Nahen Osten nun nicht unbedigt zu den gro\u00dfen Produzenten von \u00d6l und Gas, verglichen mit Libyen, dem Irak oder gar Saudi Arabien. Eine Folge der Revolution war unter anderem, dass eben der Gaspreis drastisch gestiegen ist. Im Wahlkampf wurden unter anderem von den Moslembr\u00fcdern Tausende von Gasflaschen in den Armenvierteln Kairos verteilt, weil sich diese Armen das dringend ben\u00f6tigte Gas zum Kochen einfach nicht mehr leisten konnten.<\/p>\n<p>Seit Tagen (oder Wochen?) lese ich immer wieder von meinen Freunden in Hurghada, dass der Versuch zu tanken entweder vergeblich oder mit stundenlangem Warten verbunden ist. Mir scheint es so, dass in \u00c4gypten die Energie derzeit einfach knapp wird. Inwieweit das mit privilegierten Gasliefervertr\u00e4gen an Israel zusammenh\u00e4ngt, mag ich nicht beurteilen. Aber wenn streikende Arbeiter in Ras Gharib die K\u00fcstenstra\u00dfe blockieren, dann liegt die Schlussfolgerung nahe, dass in der Zeit auf den \u00d6l- und Gasfeldern nicht gearbeitet wird, also dass auch nichts verladen oder transportiert wird. Das alleine wird allerdings auch nicht der Grund sein.<\/p>\n<p>Wie dem auch immer sei. Da wird im Moment ein lautes Get\u00f6se gemacht, ja sogar mit den S\u00e4beln gerasselt um einen Tatbestand, der doch eigentlich v\u00f6llig offensichtlich ist: In \u00c4gypten ist die Versorgungslage derzeit so schlecht, dass das Land sein Gas schlicht und einfach selbst braucht. Aber das zuzugeben f\u00e4llt eben auch nicht so leicht.<\/p>\n","protected":false},"excerpt":{"rendered":"<p>W\u00e4hrend wir hier flei\u00dfig versuchen, das Buch zu promoten, gibt es Neues aus \u00c4gypten. Mir gef\u00e4llt das nat\u00fcrlich nur bedingt. Warum? Heute fragte mich ein Kollege bei meinem Besuch beim Berliner Tagesspiegel, ob ich nicht Angst h\u00e4tte, dass &#8222;Koulou Tamam, &hellip; <a href=\"https:\/\/www.carpathia-verlag.de\/koulou-tamam\/2012\/04\/24\/aegypten-dreht-den-gashahn-zu\/\">Weiterlesen <span class=\"meta-nav\">&rarr;<\/span><\/a><\/p>\n","protected":false},"author":4,"featured_media":0,"comment_status":"open","ping_status":"open","sticky":false,"template":"","format":"standard","meta":{"footnotes":""},"categories":[1],"tags":[36,38,39,117,118,119,153,160,165,188,214,241,258,293],"class_list":["post-305","post","type-post","status-publish","format-standard","hentry","category-allgemein","tag-anwar-al-sadat","tag-arabellion","tag-arabische-revolution","tag-gas","tag-gasexport","tag-gaslieferung","tag-hosni-mubarak","tag-irak","tag-israel","tag-libyen","tag-moslembruder","tag-peter-s-kaspar","tag-ras-gharib","tag-tagesspiegel"],"wp-worthy-pixel":{"ignored":false,"public":"1a3d0a6b48704ccf96ecc774c22035c1","server":"vg04.met.vgwort.de","url":"https:\/\/vg04.met.vgwort.de\/na\/1a3d0a6b48704ccf96ecc774c22035c1"},"wp-worthy-type":"normal","_links":{"self":[{"href":"https:\/\/www.carpathia-verlag.de\/koulou-tamam\/wp-json\/wp\/v2\/posts\/305","targetHints":{"allow":["GET"]}}],"collection":[{"href":"https:\/\/www.carpathia-verlag.de\/koulou-tamam\/wp-json\/wp\/v2\/posts"}],"about":[{"href":"https:\/\/www.carpathia-verlag.de\/koulou-tamam\/wp-json\/wp\/v2\/types\/post"}],"author":[{"embeddable":true,"href":"https:\/\/www.carpathia-verlag.de\/koulou-tamam\/wp-json\/wp\/v2\/users\/4"}],"replies":[{"embeddable":true,"href":"https:\/\/www.carpathia-verlag.de\/koulou-tamam\/wp-json\/wp\/v2\/comments?post=305"}],"version-history":[{"count":0,"href":"https:\/\/www.carpathia-verlag.de\/koulou-tamam\/wp-json\/wp\/v2\/posts\/305\/revisions"}],"wp:attachment":[{"href":"https:\/\/www.carpathia-verlag.de\/koulou-tamam\/wp-json\/wp\/v2\/media?parent=305"}],"wp:term":[{"taxonomy":"category","embeddable":true,"href":"https:\/\/www.carpathia-verlag.de\/koulou-tamam\/wp-json\/wp\/v2\/categories?post=305"},{"taxonomy":"post_tag","embeddable":true,"href":"https:\/\/www.carpathia-verlag.de\/koulou-tamam\/wp-json\/wp\/v2\/tags?post=305"}],"curies":[{"name":"wp","href":"https:\/\/api.w.org\/{rel}","templated":true}]}}