{"id":113,"date":"2012-01-12T19:55:02","date_gmt":"2012-01-12T18:55:02","guid":{"rendered":"https:\/\/www.carpathia-verlag.de\/koulou-tamam\/?p=113"},"modified":"2012-01-12T19:55:02","modified_gmt":"2012-01-12T18:55:02","slug":"die-freiheit-der-meinung","status":"publish","type":"post","link":"https:\/\/www.carpathia-verlag.de\/koulou-tamam\/2012\/01\/12\/die-freiheit-der-meinung\/","title":{"rendered":"Die Freiheit der Meinung"},"content":{"rendered":"<p>30 Jahre lang war das mit der Meinungsfreiheit so eine Sache. Nun nutzen die \u00c4gypter diese Freiheit bei jeder sich bietenden Gelegenheit &ndash; und dehnen den Begriff dabei bisweilen in einer Art und Weise aus, die den freiheitsliebenden Europ\u00e4er dann doch etwas verbl\u00fcfft. Manchmal kann der Anlass ein scheinbar nichtiger sein. Gestern morgen lag in Hurghada ein unschuldiger Gullideckel auf der Stra\u00dfe herum und nicht da, wo er liegen sollte. Fr\u00fcher w\u00e4re ein daraus resultierender Achsbruch mit Schulterzucken als der unergr\u00fcndliche Wille Allahs abgetan worden. Doch das Schicksal wollte es, dass sich an diesem Morgen ein Taxi, das sich in diesem Schlagloch verfing, mehrfach \u00fcberschlug und auf dem Kopf liegen blieb.<\/p>\n<div id=\"attachment_117\" style=\"width: 310px\" class=\"wp-caption alignleft\"><a href=\"https:\/\/www.carpathia-verlag.de\/koulou-tamam\/wp-content\/uploads\/2012\/01\/Khairy.jpg\"><img loading=\"lazy\" decoding=\"async\" aria-describedby=\"caption-attachment-117\" class=\"size-medium wp-image-117\" src=\"https:\/\/www.carpathia-verlag.de\/koulou-tamam\/wp-content\/uploads\/2012\/01\/Khairy-300x168.jpg\" alt=\"\" width=\"300\" height=\"168\" \/><\/a><p id=\"caption-attachment-117\" class=\"wp-caption-text\">Was ein Gullydeckel so anrichten kann.... Foto: Hadad Khairy<\/p><\/div>\n<p>Doch Allah ist mit den Seinen und der Fahrer blieb unverletzt. Es blieb allerdings die Frage, wie der Gullideckel dahin kam, wo er lag. Die Antwort lag auf der Hand: Es handelte sich um eine Schlamperei der Stra\u00dfenbaubeh\u00f6rden. Und wer ist verantwortlich f\u00fcr Beh\u00f6rden? Der Gouverneur! Es kam zu einer gro\u00dfen Demonstration, die den Verkehr auf der Hauptverkehrsstra\u00dfe komplett lahm legte. Die erste Forderung der Demonstranten: Der Gouverneur muss her, er soll sich die Sauerei ansehen und f\u00fcr Abhilfe sorgen. Au\u00dferdem sollte er umgehend ein Ersatzfahrzeug f\u00fcr den verungl\u00fcckten Fahrer stellen, dessen Fahrzeug nur noch Schrottwert hatte. Der Gouverneur zeigte sich zwar nicht, aber nat\u00fcrlich wurden sowohl Abhilfe bei den maroden Stra\u00dfenverh\u00e4ltnissen, als auch Kompensation f\u00fcr den Fahrer versprochen. Ob&#8217;s dazu kommt? Inshallah.<\/p>\n<p>Im Sinai hat sich die freie Meinungs\u00e4u\u00dferung auf ganz andere Weise Bahn gebrochen. Dort sind acht deutsche Touristen festgesetzt (andere sagen: entf\u00fchrt) worden. Die Forderung der Festsetzer (oder Entf\u00fchrer): Die Wahlen im S\u00fcdsinai m\u00fcssen wegen Wahlf\u00e4lschung wiederholt werden. Der dortige Gouverneur gab den Forderungen sofort nach. In Hurghada werden jetzt schon \u00dcberlegungen angestellt, ob dieses Beispiel wohl Schule machen k\u00f6nnte.<\/p>\n<p>Es ist schon seltsam, \u00fcber die Freiheit der Meinung in \u00c4gypten zu schreiben, wenn im Hintergrund gerade Udo J\u00fcrgens &#8222;Ich war noch niemals in New York&#8220; singt und &#8222;&#8230; ich war noch niemals richtig frei&#8220;. Das hat schon etwas Bizarres.<\/p>\n<p>Bizarr ist allerdings auch, wenn ich mir heute anh\u00f6ren darf: &#8222;Was regt ihr euch \u00fcber \u00c4gypten auf. Haben wir einen Wulff? Werden bei uns Staatsanw\u00e4lte im Gerichtssaal erschossen?&#8220; Tja, es kommt eben alles auf den Blickwinkel an.<\/p>\n","protected":false},"excerpt":{"rendered":"<p>30 Jahre lang war das mit der Meinungsfreiheit so eine Sache. Nun nutzen die \u00c4gypter diese Freiheit bei jeder sich bietenden Gelegenheit &ndash; und dehnen den Begriff dabei bisweilen in einer Art und Weise aus, die den freiheitsliebenden Europ\u00e4er dann &hellip; <a href=\"https:\/\/www.carpathia-verlag.de\/koulou-tamam\/2012\/01\/12\/die-freiheit-der-meinung\/\">Weiterlesen <span class=\"meta-nav\">&rarr;<\/span><\/a><\/p>\n","protected":false},"author":4,"featured_media":117,"comment_status":"closed","ping_status":"open","sticky":false,"template":"","format":"standard","meta":{"footnotes":""},"categories":[1],"tags":[14,38,39,106,155,241,263,275],"class_list":["post-113","post","type-post","status-publish","format-standard","has-post-thumbnail","hentry","category-allgemein","tag-agypten","tag-arabellion","tag-arabische-revolution","tag-fremdenverkehr","tag-hurghada","tag-peter-s-kaspar","tag-rotes-meer","tag-sharm-el-sheik"],"wp-worthy-pixel":{"ignored":false,"public":"ae632f3b6b1544b8848977b4bf657958","server":"vg04.met.vgwort.de","url":"https:\/\/vg04.met.vgwort.de\/na\/ae632f3b6b1544b8848977b4bf657958"},"wp-worthy-type":"normal","_links":{"self":[{"href":"https:\/\/www.carpathia-verlag.de\/koulou-tamam\/wp-json\/wp\/v2\/posts\/113","targetHints":{"allow":["GET"]}}],"collection":[{"href":"https:\/\/www.carpathia-verlag.de\/koulou-tamam\/wp-json\/wp\/v2\/posts"}],"about":[{"href":"https:\/\/www.carpathia-verlag.de\/koulou-tamam\/wp-json\/wp\/v2\/types\/post"}],"author":[{"embeddable":true,"href":"https:\/\/www.carpathia-verlag.de\/koulou-tamam\/wp-json\/wp\/v2\/users\/4"}],"replies":[{"embeddable":true,"href":"https:\/\/www.carpathia-verlag.de\/koulou-tamam\/wp-json\/wp\/v2\/comments?post=113"}],"version-history":[{"count":0,"href":"https:\/\/www.carpathia-verlag.de\/koulou-tamam\/wp-json\/wp\/v2\/posts\/113\/revisions"}],"wp:featuredmedia":[{"embeddable":true,"href":"https:\/\/www.carpathia-verlag.de\/koulou-tamam\/wp-json\/wp\/v2\/media\/117"}],"wp:attachment":[{"href":"https:\/\/www.carpathia-verlag.de\/koulou-tamam\/wp-json\/wp\/v2\/media?parent=113"}],"wp:term":[{"taxonomy":"category","embeddable":true,"href":"https:\/\/www.carpathia-verlag.de\/koulou-tamam\/wp-json\/wp\/v2\/categories?post=113"},{"taxonomy":"post_tag","embeddable":true,"href":"https:\/\/www.carpathia-verlag.de\/koulou-tamam\/wp-json\/wp\/v2\/tags?post=113"}],"curies":[{"name":"wp","href":"https:\/\/api.w.org\/{rel}","templated":true}]}}